{"id":3456,"date":"2022-12-19T08:00:00","date_gmt":"2022-12-19T07:00:00","guid":{"rendered":"https:\/\/sztukaistyl.pl\/?p=3456"},"modified":"2022-12-18T22:34:16","modified_gmt":"2022-12-18T21:34:16","slug":"ilustracje-cytowane-kolekcja-literacka-stowarzyszenia-pisarzy-polskich","status":"publish","type":"post","link":"https:\/\/sztukaistyl.pl\/?p=3456","title":{"rendered":"Ilustracje cytowane &#8211; Kolekcja Literacka Stowarzyszenia Pisarzy Polskich"},"content":{"rendered":"\n<blockquote class=\"wp-block-quote is-layout-flow wp-block-quote-is-layout-flow\">\n<p>Dzi\u0119ki dotacjom uzyskanym w ramach \u201eTarczy dla literat\u00f3w\u201d w 2020 Oddzia\u0142 Warszawski Stowarzyszenia Pisarzy Polskich rozpocz\u0105\u0142 wydawanie ksi\u0105\u017cek, kt\u00f3re otrzyma\u0142y wsp\u00f3ln\u0105 szat\u0119 graficzn\u0105 i stanowi\u0105 seri\u0119 nazwan\u0105 \u201eKolekcja Literacka\u201d. Do tej pory ukaza\u0142y si\u0119 jej dwie edycje: mi\u0119towa (12 publikacji) i \u017c\u00f3\u0142ta (15 publikacji). Do pracy nad seri\u0105 zaanga\u017cowano tylko cz\u0142onk\u00f3w SPP: poet\u00f3w, ilustrator\u00f3w, redaktor\u00f3w. Chodzi\u0142o o to, by by\u0142a to sp\u00f3jna seria, a praca przy niej prac\u0105 zbiorow\u0105 \u015brodowiska, kt\u00f3re dzi\u0119ki temu przedsi\u0119wzi\u0119ciu mia\u0142o szans\u0119 jeszcze mocniej si\u0119 zintegrowa\u0107.<\/p>\n\n\n\n<p>Prezentowane ilustracje zdobi\u0105ce ksi\u0105\u017cki i stworzone do ksi\u0105\u017cek pokazuj\u0105 nie tylko r\u00f3\u017cne tematy, kt\u00f3re by\u0142y uzale\u017cnione od tre\u015bci ilustrowanych publikacji, ale te\u017c r\u00f3\u017cne techniki i przede wszystkim style, bo ilustratorzy to tw\u00f3rcy o r\u00f3\u017cnej wra\u017cliwo\u015bci i pomys\u0142ach: Ilustratorzy to: Janusz Andrzejczak, Bo\u017cena Boba-Dyga, Tamara Bo\u0142dak-Janowska, Grzegorz Gortat, Joanna Jagie\u0142\u0142o, Piotr M\u00fcldner-Nieckowski, Joanna Send\u0142ak, Marek So\u0142tysik, Dorota Suwalska i Piotr Wojciechowski. \u0141\u0105czy ich jedno: wszyscy s\u0105 nie tylko ilustratorami, ale i pisarzami. Na ilustracje patrz\u0105 wi\u0119c przez pryzmat literatury.<\/p>\n\n\n\n<p>Tytu\u0142 wystawy stanowi parafraz\u0119 jednej z publikacji wydanych w ramach \u201eKolekcji Literackiej\u201d. \u201eWiersze cytowane\u201d to tomik, w kt\u00f3rym znalaz\u0142y si\u0119 wiersze r\u00f3\u017cnych poet\u00f3w, a spaja\u0142a je osoba Anny Ba\u0144kowskiej, bo ksi\u0105\u017cka stanowi\u0142a plon jej 50-letniej pracy jako t\u0142umaczki.<\/p>\n\n\n\n<p>Wystawa stanowi plon pracy Stowarzyszenia Pisarzy Polskich, ale pokazuje swoich tw\u00f3rc\u00f3w w tej drugiej roli, z kt\u00f3r\u0105 nie zawsze, jako cz\u0142onkowie SPP, s\u0105 kojarzeni. Oto pisarze i poeci jako ilustratorzy. To ich rysunki, grafiki i fotomonta\u017ce stanowi\u0105 ilustrowane cytaty z ksi\u0105\u017cek, kt\u00f3rych s\u0105 niew\u0105tpliw\u0105 ozdob\u0105. Spaja je \u201eKolekcja Literacka\u201d, kt\u00f3ra bez tych rysunk\u00f3w by\u0142aby bez w\u0105tpienia uboga.<\/p>\n\n\n\n<p class=\"has-text-align-right\">Ma\u0142gorzata Karolina Piekarska<\/p>\n<\/blockquote>\n\n\n\n<figure class=\"wp-block-image size-large\"><img loading=\"lazy\" decoding=\"async\" width=\"1024\" height=\"741\" src=\"https:\/\/sztukaistyl.pl\/wp-content\/uploads\/2022\/12\/IMG_5973-1024x741.jpg\" alt=\"\" class=\"wp-image-3471\" srcset=\"https:\/\/sztukaistyl.pl\/wp-content\/uploads\/2022\/12\/IMG_5973-1024x741.jpg 1024w, https:\/\/sztukaistyl.pl\/wp-content\/uploads\/2022\/12\/IMG_5973-300x217.jpg 300w, https:\/\/sztukaistyl.pl\/wp-content\/uploads\/2022\/12\/IMG_5973-768x556.jpg 768w, https:\/\/sztukaistyl.pl\/wp-content\/uploads\/2022\/12\/IMG_5973-850x615.jpg 850w, https:\/\/sztukaistyl.pl\/wp-content\/uploads\/2022\/12\/IMG_5973.jpg 1070w\" sizes=\"auto, (max-width: 1024px) 100vw, 1024px\" \/><\/figure>\n\n\n\n<figure class=\"wp-block-image size-large\"><img loading=\"lazy\" decoding=\"async\" width=\"1024\" height=\"728\" src=\"https:\/\/sztukaistyl.pl\/wp-content\/uploads\/2022\/12\/IMG_5971-1024x728.jpg\" alt=\"\" class=\"wp-image-3470\" srcset=\"https:\/\/sztukaistyl.pl\/wp-content\/uploads\/2022\/12\/IMG_5971-1024x728.jpg 1024w, https:\/\/sztukaistyl.pl\/wp-content\/uploads\/2022\/12\/IMG_5971-300x213.jpg 300w, https:\/\/sztukaistyl.pl\/wp-content\/uploads\/2022\/12\/IMG_5971-768x546.jpg 768w, https:\/\/sztukaistyl.pl\/wp-content\/uploads\/2022\/12\/IMG_5971-850x604.jpg 850w, https:\/\/sztukaistyl.pl\/wp-content\/uploads\/2022\/12\/IMG_5971.jpg 1056w\" sizes=\"auto, (max-width: 1024px) 100vw, 1024px\" \/><\/figure>\n\n\n\n<p>Wystawa Ilustracje cytowane do zobaczenia do 5 stycznia w Bibliotece na Mokotowie. Wypo\u017cyczalnia dla Doros\u0142ych i M\u0142odzie\u017cy nr 125, Warszawa, ul. Czerniakowska 38a. <\/p>\n\n\n\n<figure class=\"wp-block-image size-large\"><img loading=\"lazy\" decoding=\"async\" width=\"745\" height=\"1024\" src=\"https:\/\/sztukaistyl.pl\/wp-content\/uploads\/2022\/12\/Zrzut-ekranu-2022-12-10-o-11.05.05-745x1024.png\" alt=\"\" class=\"wp-image-3472\" srcset=\"https:\/\/sztukaistyl.pl\/wp-content\/uploads\/2022\/12\/Zrzut-ekranu-2022-12-10-o-11.05.05-745x1024.png 745w, https:\/\/sztukaistyl.pl\/wp-content\/uploads\/2022\/12\/Zrzut-ekranu-2022-12-10-o-11.05.05-218x300.png 218w, https:\/\/sztukaistyl.pl\/wp-content\/uploads\/2022\/12\/Zrzut-ekranu-2022-12-10-o-11.05.05-768x1055.png 768w, https:\/\/sztukaistyl.pl\/wp-content\/uploads\/2022\/12\/Zrzut-ekranu-2022-12-10-o-11.05.05-300x412.png 300w, https:\/\/sztukaistyl.pl\/wp-content\/uploads\/2022\/12\/Zrzut-ekranu-2022-12-10-o-11.05.05-850x1168.png 850w, https:\/\/sztukaistyl.pl\/wp-content\/uploads\/2022\/12\/Zrzut-ekranu-2022-12-10-o-11.05.05.png 1096w\" sizes=\"auto, (max-width: 745px) 100vw, 745px\" \/><\/figure>\n\n\n\n<p><strong>Janusz Andrzejczak<\/strong> \u2013 cz\u0142owiek las\u00f3w, dr\u00f3g, dukt\u00f3w i bezdro\u017cy. Zadebiutowa\u0142 zaledwie 10 lat temu. Odnale\u017ali go poeci: fotografii \u2013 Anna Worowska, aktorstwa \u2013 Anna Polony, s\u0142owa pisanego \u2013 Jan Leo\u0144czuk i Leszek D\u0142ugosz. Dalej samo posz\u0142o, prawie bez jego udzia\u0142u.<\/p>\n\n\n<div class=\"wp-block-image\">\n<figure class=\"aligncenter size-large is-resized\"><img loading=\"lazy\" decoding=\"async\" src=\"https:\/\/sztukaistyl.pl\/wp-content\/uploads\/2022\/12\/TAJEMNIA-Andrzejczak-727x1024.jpg\" alt=\"\" class=\"wp-image-3457\" width=\"569\" height=\"802\" srcset=\"https:\/\/sztukaistyl.pl\/wp-content\/uploads\/2022\/12\/TAJEMNIA-Andrzejczak-727x1024.jpg 727w, https:\/\/sztukaistyl.pl\/wp-content\/uploads\/2022\/12\/TAJEMNIA-Andrzejczak-213x300.jpg 213w, https:\/\/sztukaistyl.pl\/wp-content\/uploads\/2022\/12\/TAJEMNIA-Andrzejczak-768x1082.jpg 768w, https:\/\/sztukaistyl.pl\/wp-content\/uploads\/2022\/12\/TAJEMNIA-Andrzejczak-1091x1536.jpg 1091w, https:\/\/sztukaistyl.pl\/wp-content\/uploads\/2022\/12\/TAJEMNIA-Andrzejczak-1454x2048.jpg 1454w, https:\/\/sztukaistyl.pl\/wp-content\/uploads\/2022\/12\/TAJEMNIA-Andrzejczak-300x423.jpg 300w, https:\/\/sztukaistyl.pl\/wp-content\/uploads\/2022\/12\/TAJEMNIA-Andrzejczak-850x1197.jpg 850w, https:\/\/sztukaistyl.pl\/wp-content\/uploads\/2022\/12\/TAJEMNIA-Andrzejczak.jpg 1775w\" sizes=\"auto, (max-width: 569px) 100vw, 569px\" \/><\/figure><\/div>\n\n\n<p><strong>Bo\u017cena Boba-Dyga<\/strong> \u2013 pisze, ale zdarza si\u0119 jej te\u017c robi\u0107 co\u015b innego. Mo\u017cna j\u0105 spotka\u0107 w Krakowie, i gdzie\u015b indziej. Kiedy\u015b sko\u0144czy\u0142a ASP i dalej lubi by\u0107 zawodow\u0105 artystk\u0105. Opublikowa\u0142a dziesi\u0119\u0107 tomik\u00f3w wierszy i zbi\u00f3r mikropowie\u015bci proz\u0105. Konserwuje te\u017c zabytki architektury i tym zarabia na gaz.<\/p>\n\n\n<div class=\"wp-block-image\">\n<figure class=\"aligncenter size-large is-resized\"><img loading=\"lazy\" decoding=\"async\" src=\"https:\/\/sztukaistyl.pl\/wp-content\/uploads\/2022\/12\/boba-dyga-wszechswiat-to-symfonia-drgajacych-strun-1024x743.jpg\" alt=\"\" class=\"wp-image-3458\" width=\"585\" height=\"424\" srcset=\"https:\/\/sztukaistyl.pl\/wp-content\/uploads\/2022\/12\/boba-dyga-wszechswiat-to-symfonia-drgajacych-strun-1024x743.jpg 1024w, https:\/\/sztukaistyl.pl\/wp-content\/uploads\/2022\/12\/boba-dyga-wszechswiat-to-symfonia-drgajacych-strun-300x218.jpg 300w, https:\/\/sztukaistyl.pl\/wp-content\/uploads\/2022\/12\/boba-dyga-wszechswiat-to-symfonia-drgajacych-strun-768x557.jpg 768w, https:\/\/sztukaistyl.pl\/wp-content\/uploads\/2022\/12\/boba-dyga-wszechswiat-to-symfonia-drgajacych-strun-1536x1115.jpg 1536w, https:\/\/sztukaistyl.pl\/wp-content\/uploads\/2022\/12\/boba-dyga-wszechswiat-to-symfonia-drgajacych-strun-850x617.jpg 850w, https:\/\/sztukaistyl.pl\/wp-content\/uploads\/2022\/12\/boba-dyga-wszechswiat-to-symfonia-drgajacych-strun.jpg 2031w\" sizes=\"auto, (max-width: 585px) 100vw, 585px\" \/><\/figure><\/div>\n\n\n<p><strong>Tamara Bo\u0142dak-Janowska<\/strong> \u2013 uprawia proz\u0119, poezj\u0119, filozofi\u0119, eseistyk\u0119, publicystyk\u0119, sztuk\u0119 teatraln\u0105, sporadycznie krytyk\u0119 literack\u0105 i rysunek satyryczny. Przez kilkana\u015bcie lat re\u017cyserowa\u0142a coroczne widowisko pisarsko-teatralne o nazwie: \u201eZajazd do Naraju\u201d w malutkiej wiosce Narejki na Podlasiu.<\/p>\n\n\n<div class=\"wp-block-image\">\n<figure class=\"aligncenter size-large is-resized\"><img decoding=\"async\" src=\"https:\/\/sztukaistyl.pl\/wp-content\/uploads\/2022\/12\/boldak-janowska-szczescie-953x1024.jpg\" alt=\"\" class=\"wp-image-3459\" width=\"-373\" height=\"-400\" srcset=\"https:\/\/sztukaistyl.pl\/wp-content\/uploads\/2022\/12\/boldak-janowska-szczescie-953x1024.jpg 953w, https:\/\/sztukaistyl.pl\/wp-content\/uploads\/2022\/12\/boldak-janowska-szczescie-279x300.jpg 279w, https:\/\/sztukaistyl.pl\/wp-content\/uploads\/2022\/12\/boldak-janowska-szczescie-768x825.jpg 768w, https:\/\/sztukaistyl.pl\/wp-content\/uploads\/2022\/12\/boldak-janowska-szczescie-1429x1536.jpg 1429w, https:\/\/sztukaistyl.pl\/wp-content\/uploads\/2022\/12\/boldak-janowska-szczescie-1906x2048.jpg 1906w, https:\/\/sztukaistyl.pl\/wp-content\/uploads\/2022\/12\/boldak-janowska-szczescie-300x322.jpg 300w, https:\/\/sztukaistyl.pl\/wp-content\/uploads\/2022\/12\/boldak-janowska-szczescie-850x914.jpg 850w\" sizes=\"(max-width: 953px) 100vw, 953px\" \/><\/figure><\/div>\n\n\n<p><strong>Grzegorz Gortat<\/strong> \u2013 czytelnik, pisarz, t\u0142umacz, anglista. Lubi trzyma\u0107 na jednej p\u00f3\u0142ce Franza Kafk\u0119 i Lee Childa. Po wielu latach przerwy pr\u00f3buje przeprosi\u0107 si\u0119 z pi\u00f3rkiem i tuszem.<\/p>\n\n\n<div class=\"wp-block-image\">\n<figure class=\"aligncenter size-large is-resized\"><img decoding=\"async\" src=\"https:\/\/sztukaistyl.pl\/wp-content\/uploads\/2022\/12\/gortat-Yellow-Submarine-1024x1020.jpg\" alt=\"\" class=\"wp-image-3460\" width=\"-294\" height=\"-293\" srcset=\"https:\/\/sztukaistyl.pl\/wp-content\/uploads\/2022\/12\/gortat-Yellow-Submarine-1024x1020.jpg 1024w, https:\/\/sztukaistyl.pl\/wp-content\/uploads\/2022\/12\/gortat-Yellow-Submarine-300x299.jpg 300w, https:\/\/sztukaistyl.pl\/wp-content\/uploads\/2022\/12\/gortat-Yellow-Submarine-150x150.jpg 150w, https:\/\/sztukaistyl.pl\/wp-content\/uploads\/2022\/12\/gortat-Yellow-Submarine-768x765.jpg 768w, https:\/\/sztukaistyl.pl\/wp-content\/uploads\/2022\/12\/gortat-Yellow-Submarine-1536x1529.jpg 1536w, https:\/\/sztukaistyl.pl\/wp-content\/uploads\/2022\/12\/gortat-Yellow-Submarine-850x846.jpg 850w, https:\/\/sztukaistyl.pl\/wp-content\/uploads\/2022\/12\/gortat-Yellow-Submarine-45x45.jpg 45w, https:\/\/sztukaistyl.pl\/wp-content\/uploads\/2022\/12\/gortat-Yellow-Submarine.jpg 1852w\" sizes=\"(max-width: 1024px) 100vw, 1024px\" \/><\/figure><\/div>\n\n\n<p><strong>Joanna Jagie\u0142\u0142o<\/strong> \u2013 kobieta pi\u00f3ra, p\u0119dzla i struny. Autorka wielu ksi\u0105\u017cek dla dzieci, m\u0142odzie\u017cy i doros\u0142ych, prozatorskich i poetyckich, cz\u0142onkini SPP. W wolnym czasie maluje i ilustruje, a tak\u017ce komponuje, gra na gitarze i \u015bpiewa. Bra\u0142a udzia\u0142 w wystawach zbiorowych i indywidualnych. Wsp\u00f3\u0142tworzy warszawsk\u0105 \u201eGaleri\u0119 Piecow\u0105\u201d. Wyda\u0142a p\u0142yt\u0119 \u201eSkrzypek bez dachu\u201d z w\u0142asnymi kompozycjami.<\/p>\n\n\n<div class=\"wp-block-image\">\n<figure class=\"aligncenter size-large is-resized\"><img loading=\"lazy\" decoding=\"async\" src=\"https:\/\/sztukaistyl.pl\/wp-content\/uploads\/2022\/12\/jagiello-pierwsze-dni-bez-niej-1-721x1024.jpg\" alt=\"\" class=\"wp-image-3462\" width=\"506\" height=\"716\" srcset=\"https:\/\/sztukaistyl.pl\/wp-content\/uploads\/2022\/12\/jagiello-pierwsze-dni-bez-niej-1-211x300.jpg 211w, https:\/\/sztukaistyl.pl\/wp-content\/uploads\/2022\/12\/jagiello-pierwsze-dni-bez-niej-1-300x426.jpg 300w\" sizes=\"auto, (max-width: 506px) 100vw, 506px\" \/><\/figure><\/div>\n\n\n<p><strong>Piotr M\u00fcldner-Nieckowski<\/strong> \u2013 pisarz, tworzy poezj\u0119, proz\u0119 i dramaty, zw\u0142aszcza s\u0142uchowiska radiowe. Jest te\u017c doktorem nauk medycznych, lekarzem praktykiem, i profesorem j\u0119zykoznawstwa na uniwersytecie.&nbsp; Stale czym\u015b zaj\u0119ty, najmniej sob\u0105. W plastyce najlepiej si\u0119 czuje jako rysownik i akwarelista. Ostatnio wyda\u0142 tom poezji &#8222;\u017bywica&#8221; i powie\u015b\u0107 &#8222;Diabe\u0142 na placu Zbawiciela&#8221;.<\/p>\n\n\n<div class=\"wp-block-image\">\n<figure class=\"aligncenter size-large is-resized\"><img decoding=\"async\" src=\"https:\/\/sztukaistyl.pl\/wp-content\/uploads\/2022\/12\/Muldner-nieckowski_sweetness-885x1024.jpg\" alt=\"\" class=\"wp-image-3463\" width=\"-274\" height=\"-316\" srcset=\"https:\/\/sztukaistyl.pl\/wp-content\/uploads\/2022\/12\/Muldner-nieckowski_sweetness-885x1024.jpg 885w, https:\/\/sztukaistyl.pl\/wp-content\/uploads\/2022\/12\/Muldner-nieckowski_sweetness-259x300.jpg 259w, https:\/\/sztukaistyl.pl\/wp-content\/uploads\/2022\/12\/Muldner-nieckowski_sweetness-768x889.jpg 768w, https:\/\/sztukaistyl.pl\/wp-content\/uploads\/2022\/12\/Muldner-nieckowski_sweetness-300x347.jpg 300w, https:\/\/sztukaistyl.pl\/wp-content\/uploads\/2022\/12\/Muldner-nieckowski_sweetness-850x984.jpg 850w, https:\/\/sztukaistyl.pl\/wp-content\/uploads\/2022\/12\/Muldner-nieckowski_sweetness.jpg 1093w\" sizes=\"(max-width: 885px) 100vw, 885px\" \/><\/figure><\/div>\n\n\n<p><strong>Joanna Send\u0142ak<\/strong> \u2013 urodzi\u0142a si\u0119 i studiowa\u0142a w Warszawie, najpierw malarstwo na Akademii Sztuk Pi\u0119knych, potem filozofi\u0119 na Uniwersytecie. Wystawia\u0142a obrazy w galeriach warszawskich, publikowa\u0142a opowiadania w pismach literackich, m.in.: \u201eSycynie\u201d, \u201eFrazie\u201d, \u201ePracowni\u201d, \u201eWyspie\u201d, \u201eMigotaniach\u201d, \u201eTw\u00f3rczo\u015bci\u201d.<\/p>\n\n\n<div class=\"wp-block-image\">\n<figure class=\"aligncenter size-large is-resized\"><img decoding=\"async\" src=\"https:\/\/sztukaistyl.pl\/wp-content\/uploads\/2022\/12\/sendlak-Okragly-stol-881x1024.jpeg\" alt=\"\" class=\"wp-image-3464\" width=\"-231\" height=\"-268\" srcset=\"https:\/\/sztukaistyl.pl\/wp-content\/uploads\/2022\/12\/sendlak-Okragly-stol-881x1024.jpeg 881w, https:\/\/sztukaistyl.pl\/wp-content\/uploads\/2022\/12\/sendlak-Okragly-stol-258x300.jpeg 258w, https:\/\/sztukaistyl.pl\/wp-content\/uploads\/2022\/12\/sendlak-Okragly-stol-768x892.jpeg 768w, https:\/\/sztukaistyl.pl\/wp-content\/uploads\/2022\/12\/sendlak-Okragly-stol-1322x1536.jpeg 1322w, https:\/\/sztukaistyl.pl\/wp-content\/uploads\/2022\/12\/sendlak-Okragly-stol-1763x2048.jpeg 1763w, https:\/\/sztukaistyl.pl\/wp-content\/uploads\/2022\/12\/sendlak-Okragly-stol-300x348.jpeg 300w, https:\/\/sztukaistyl.pl\/wp-content\/uploads\/2022\/12\/sendlak-Okragly-stol-850x987.jpeg 850w\" sizes=\"(max-width: 881px) 100vw, 881px\" \/><\/figure><\/div>\n\n\n<p><strong>Marek So\u0142tysik <\/strong>\u2013 to ten sam Marek So\u0142tysik. Powie\u015bci, opowiadania, wiersze, s\u0142uchowiska, eseje, scenariusze, obrazki sceniczna, upowszechnianie sztuki, pami\u0119\u0107 o nie\u017cyj\u0105cych kolegach. Kilkaset opublikowanych ilustracji, w tym 110 do powie\u015bci Henryka Sienkiewicza. Od p\u00f3\u0142wiecza \u015bwiadomie pisze, maluje, rysuje, wydaje ksi\u0105\u017cki, wystawia obrazy, ju\u017c nie ta\u0144czy, jeszcze nie zabawia si\u0119 polityk\u0105.<\/p>\n\n\n<div class=\"wp-block-image\">\n<figure class=\"aligncenter size-large is-resized\"><img loading=\"lazy\" decoding=\"async\" src=\"https:\/\/sztukaistyl.pl\/wp-content\/uploads\/2022\/12\/Soltysik-romantycy-768x1024.jpg\" alt=\"\" class=\"wp-image-3465\" width=\"531\" height=\"708\" srcset=\"https:\/\/sztukaistyl.pl\/wp-content\/uploads\/2022\/12\/Soltysik-romantycy-768x1024.jpg 768w, https:\/\/sztukaistyl.pl\/wp-content\/uploads\/2022\/12\/Soltysik-romantycy-225x300.jpg 225w, https:\/\/sztukaistyl.pl\/wp-content\/uploads\/2022\/12\/Soltysik-romantycy-1152x1536.jpg 1152w, https:\/\/sztukaistyl.pl\/wp-content\/uploads\/2022\/12\/Soltysik-romantycy-1536x2048.jpg 1536w, https:\/\/sztukaistyl.pl\/wp-content\/uploads\/2022\/12\/Soltysik-romantycy-300x400.jpg 300w, https:\/\/sztukaistyl.pl\/wp-content\/uploads\/2022\/12\/Soltysik-romantycy-850x1133.jpg 850w, https:\/\/sztukaistyl.pl\/wp-content\/uploads\/2022\/12\/Soltysik-romantycy-scaled.jpg 1920w\" sizes=\"auto, (max-width: 531px) 100vw, 531px\" \/><\/figure><\/div>\n\n\n<p><strong>Dorota Suwalska<\/strong> \u2013 pisarka, autorka projekt\u00f3w wizualnych, animatorka kultury. Absolwentka Wydzia\u0142u Malarstwa warszawskiej ASP. Autorka nagradzanych i t\u0142umaczonych na obce j\u0119zyki ksi\u0105\u017cek dla dzieci i m\u0142odzie\u017cy.<\/p>\n\n\n<div class=\"wp-block-image\">\n<figure class=\"aligncenter size-large is-resized\"><img loading=\"lazy\" decoding=\"async\" src=\"https:\/\/sztukaistyl.pl\/wp-content\/uploads\/2022\/12\/suwalska-Gdy-Homer-durna-lire-kopia-1009x1024.jpg\" alt=\"\" class=\"wp-image-3466\" width=\"568\" height=\"576\" srcset=\"https:\/\/sztukaistyl.pl\/wp-content\/uploads\/2022\/12\/suwalska-Gdy-Homer-durna-lire-kopia-1009x1024.jpg 1009w, https:\/\/sztukaistyl.pl\/wp-content\/uploads\/2022\/12\/suwalska-Gdy-Homer-durna-lire-kopia-296x300.jpg 296w, https:\/\/sztukaistyl.pl\/wp-content\/uploads\/2022\/12\/suwalska-Gdy-Homer-durna-lire-kopia-768x779.jpg 768w, https:\/\/sztukaistyl.pl\/wp-content\/uploads\/2022\/12\/suwalska-Gdy-Homer-durna-lire-kopia-1514x1536.jpg 1514w, https:\/\/sztukaistyl.pl\/wp-content\/uploads\/2022\/12\/suwalska-Gdy-Homer-durna-lire-kopia-2019x2048.jpg 2019w, https:\/\/sztukaistyl.pl\/wp-content\/uploads\/2022\/12\/suwalska-Gdy-Homer-durna-lire-kopia-300x304.jpg 300w, https:\/\/sztukaistyl.pl\/wp-content\/uploads\/2022\/12\/suwalska-Gdy-Homer-durna-lire-kopia-850x862.jpg 850w, https:\/\/sztukaistyl.pl\/wp-content\/uploads\/2022\/12\/suwalska-Gdy-Homer-durna-lire-kopia-45x45.jpg 45w\" sizes=\"auto, (max-width: 568px) 100vw, 568px\" \/><\/figure><\/div>\n\n\n<p><strong>Piotr Wojciechowski<\/strong> \u2013 stary pisarz, kt\u00f3ry m\u00f3wi o sobie, \u017ce ci\u0105gle jest narciarzem, taternikiem i groto\u0142azem. Nagrody za pisanie &#8211; imienia Wilhelma Macha, Kornela Makuszy\u0144skiego, Ko\u015bcielskich, Reymonta, ks. Jana Twardowskiego. Wystawy rysunk\u00f3w w Warszawie i Zakopanem.<\/p>\n\n\n<div class=\"wp-block-image\">\n<figure class=\"aligncenter size-full\"><img loading=\"lazy\" decoding=\"async\" width=\"829\" height=\"594\" src=\"https:\/\/sztukaistyl.pl\/wp-content\/uploads\/2022\/12\/wojciechowski-przypadkowa-podroz.jpg\" alt=\"\" class=\"wp-image-3467\" srcset=\"https:\/\/sztukaistyl.pl\/wp-content\/uploads\/2022\/12\/wojciechowski-przypadkowa-podroz.jpg 829w, https:\/\/sztukaistyl.pl\/wp-content\/uploads\/2022\/12\/wojciechowski-przypadkowa-podroz-300x215.jpg 300w, https:\/\/sztukaistyl.pl\/wp-content\/uploads\/2022\/12\/wojciechowski-przypadkowa-podroz-768x550.jpg 768w\" sizes=\"auto, (max-width: 829px) 100vw, 829px\" \/><\/figure><\/div>","protected":false},"excerpt":{"rendered":"<p>Dzi\u0119ki dotacjom uzyskanym w ramach \u201eTarczy dla literat\u00f3w\u201d w 2020 Oddzia\u0142 Warszawski Stowarzyszenia Pisarzy Polskich rozpocz\u0105\u0142 wydawanie ksi\u0105\u017cek, kt\u00f3re otrzyma\u0142y wsp\u00f3ln\u0105 szat\u0119 graficzn\u0105 i stanowi\u0105 seri\u0119 nazwan\u0105 \u201eKolekcja Literacka\u201d. Do tej pory ukaza\u0142y si\u0119 jej dwie edycje: mi\u0119towa (12 publikacji) i \u017c\u00f3\u0142ta (15 publikacji). Do pracy nad seri\u0105 zaanga\u017cowano tylko cz\u0142onk\u00f3w SPP: poet\u00f3w, ilustrator\u00f3w, redaktor\u00f3w&#8230;.<\/p>\n","protected":false},"author":1,"featured_media":3467,"comment_status":"closed","ping_status":"open","sticky":false,"template":"","format":"standard","meta":{"_acf_changed":false,"_jetpack_memberships_contains_paid_content":false,"footnotes":"","jetpack_publicize_message":"","jetpack_publicize_feature_enabled":true,"jetpack_social_post_already_shared":true,"jetpack_social_options":{"image_generator_settings":{"template":"highway","default_image_id":0,"enabled":false},"version":2}},"categories":[286],"tags":[220,488,142,485,483,486,298,370,487,489,231,484],"class_list":["post-3456","post","type-post","status-publish","format-standard","has-post-thumbnail","hentry","category-ilustracja","tag-bozena-boba-dyga","tag-dorota-suwalska","tag-grafika","tag-grzegorz-gortat","tag-janusz-andrzejczak","tag-joanna-jagiello","tag-joanna-sendlak","tag-marek-soltysik","tag-piotr-muldner-nieckowski","tag-piotr-wojciechowski","tag-rysunek","tag-tamara-boldak-janowska"],"acf":[],"aioseo_notices":[],"jetpack_publicize_connections":[],"jetpack_featured_media_url":"https:\/\/sztukaistyl.pl\/wp-content\/uploads\/2022\/12\/wojciechowski-przypadkowa-podroz.jpg","jetpack_sharing_enabled":true,"_links":{"self":[{"href":"https:\/\/sztukaistyl.pl\/index.php?rest_route=\/wp\/v2\/posts\/3456","targetHints":{"allow":["GET"]}}],"collection":[{"href":"https:\/\/sztukaistyl.pl\/index.php?rest_route=\/wp\/v2\/posts"}],"about":[{"href":"https:\/\/sztukaistyl.pl\/index.php?rest_route=\/wp\/v2\/types\/post"}],"author":[{"embeddable":true,"href":"https:\/\/sztukaistyl.pl\/index.php?rest_route=\/wp\/v2\/users\/1"}],"replies":[{"embeddable":true,"href":"https:\/\/sztukaistyl.pl\/index.php?rest_route=%2Fwp%2Fv2%2Fcomments&post=3456"}],"version-history":[{"count":2,"href":"https:\/\/sztukaistyl.pl\/index.php?rest_route=\/wp\/v2\/posts\/3456\/revisions"}],"predecessor-version":[{"id":3473,"href":"https:\/\/sztukaistyl.pl\/index.php?rest_route=\/wp\/v2\/posts\/3456\/revisions\/3473"}],"wp:featuredmedia":[{"embeddable":true,"href":"https:\/\/sztukaistyl.pl\/index.php?rest_route=\/wp\/v2\/media\/3467"}],"wp:attachment":[{"href":"https:\/\/sztukaistyl.pl\/index.php?rest_route=%2Fwp%2Fv2%2Fmedia&parent=3456"}],"wp:term":[{"taxonomy":"category","embeddable":true,"href":"https:\/\/sztukaistyl.pl\/index.php?rest_route=%2Fwp%2Fv2%2Fcategories&post=3456"},{"taxonomy":"post_tag","embeddable":true,"href":"https:\/\/sztukaistyl.pl\/index.php?rest_route=%2Fwp%2Fv2%2Ftags&post=3456"}],"curies":[{"name":"wp","href":"https:\/\/api.w.org\/{rel}","templated":true}]}}